{"id":2428,"date":"2017-02-16T22:58:38","date_gmt":"2017-02-16T14:58:38","guid":{"rendered":"http:\/\/www.huangyizhou.com\/?p=2428"},"modified":"2018-06-07T02:07:47","modified_gmt":"2018-06-06T18:07:47","slug":"20170216barcelona","status":"publish","type":"post","link":"http:\/\/www.huangyizhou.com\/index.php\/2017\/02\/16\/20170216barcelona\/","title":{"rendered":"Day 5 of Spanish Vacation: Barcelona on February 16th, 2017"},"content":{"rendered":"<p>Second day in Barcelona, as the sky cleared into a bright sunny day.<br \/>\nThe plan of the day was to visit two of Antoni Gaud\u00ed&#8217;s architecture masterpiece, Casa Mil\u00e0 and Casa Batll\u00f3, followed by roaming the Barcelona old city.<\/p>\n<div style=\"width: 770px\" class=\"wp-caption alignnone\"><a href=\"http:\/\/i.imgur.com\/3JrDTeT.jpg\" target=\"_blank\"><img decoding=\"async\" src=\"http:\/\/i.imgur.com\/3JrDTeTl.jpg\" alt=\"Pla\u00e7a Universitat\" \/><\/a><p class=\"wp-caption-text\"><\/br>Pla\u00e7a Universitat<\/p><\/div>\n<p><!--more--><br \/>\n<span style=\"font-size: x-small;\">The images in this post are hosted on Imgur. Email me should there be any display problems.<\/span><\/p>\n<p>As usual, we got out to a late start in the morning. Casa Mil\u00e0 wasn&#8217;t too far from where we were staying, so after less than half an hour&#8217;s walk through arrays of typical European buildings in the Eixample District and in awe of the power of city planning, we were at the doorsteps of Casa Mil\u00e0.<\/p>\n<p><div style=\"width: 770px\" class=\"wp-caption alignnone\"><a href=\"http:\/\/i.imgur.com\/AOKqF7S.jpg\" target=\"_blank\"><img decoding=\"async\" src=\"http:\/\/i.imgur.com\/AOKqF7Sl.jpg\" alt=\"Universitat de Barcelona Facade\" \/><\/a><p class=\"wp-caption-text\"><\/br>Universitat de Barcelona Facade<\/p><\/div><br \/>\n<div style=\"width: 770px\" class=\"wp-caption alignnone\"><a href=\"http:\/\/i.imgur.com\/TKVkE52.jpg\" target=\"_blank\"><img decoding=\"async\" src=\"http:\/\/i.imgur.com\/TKVkE52l.jpg\" alt=\"Hotel NH Collection Barcelona Building\" \/><\/a><p class=\"wp-caption-text\"><\/br>Hotel NH Collection Barcelona Building<\/p><\/div><br \/>\n<div style=\"width: 770px\" class=\"wp-caption alignnone\"><a href=\"http:\/\/i.imgur.com\/xdLsgRn.jpg\" target=\"_blank\"><img decoding=\"async\" src=\"http:\/\/i.imgur.com\/xdLsgRnl.jpg\" alt=\"Pavement in the Center of Rambla de Catalunya\" \/><\/a><p class=\"wp-caption-text\"><\/br>Pavement in the Center of Rambla de Catalunya<\/p><\/div><br \/>\n<div style=\"width: 770px\" class=\"wp-caption alignnone\"><a href=\"http:\/\/i.imgur.com\/PKMRsQZ.jpg\" target=\"_blank\"><img decoding=\"async\" src=\"http:\/\/i.imgur.com\/PKMRsQZl.jpg\" alt=\"Buildings along Barcelona Street\" \/><\/a><p class=\"wp-caption-text\"><\/br>Buildings along Barcelona Street<\/p><\/div><br \/>\n<div style=\"width: 770px\" class=\"wp-caption alignnone\"><a href=\"http:\/\/i.imgur.com\/CBP1zAN.jpg\" target=\"_blank\"><img decoding=\"async\" src=\"http:\/\/i.imgur.com\/CBP1zANl.jpg\" alt=\"Gr\u00e0cia Avenue\" \/><\/a><p class=\"wp-caption-text\"><\/br>Gr\u00e0cia Avenue<\/p><\/div><\/p>\n<h3><span id=\"Casa_Mila\">Casa Mil\u00e0<\/span><\/h3>\n<blockquote><p>\n<span style=\"font-size: large;\">A great petrified wave. An ensemble of organic, atavistic forms. A stone poem, giant sculpture, unique and unparalleled\u2026 La Pedrera has been described by thousands of adjectives and has sparked multiple interpretations. And it is because Gaudi&#8217;s boundless capacity for creation finds its foremost expression in this building in Barcelona&#8217;s Eixample district, which was commissioned by the industrialist Pere Mila and his wife, Roser Segimon, intended as a famaily home and apartment for rent.<br \/>\nKnown as La Pedrera for its rough outer appearance, reminiscent of an open quarry, with sinuous curves and forms inspired form nature, it  comprises two apartment blocks, linked by inner courtyards and a common fa\u00e7ade. Gaudi planned the building at the height of hid career, at the age of 54. It was his last from architectural design of the day. UNESCO declared the building World Heritage in 1984 on account of its extraordinary universal value.<\/span>\n<\/p><\/blockquote>\n<p>In its audio guide and visitor brochures, Casa Mil\u00e0 lavished praises to this project built at the peak of Gaud\u00ed&#8217;s career. It might be a little bit excessive, as the tour immediately took you to the most and probably only outstanding part of the builing, which was its roof with sculptural chimneys. Stories down, it was a household museum of typical Barcelona upper-class families a century ago.<br \/>\nBut on the other hand, Casa Mil\u00e0 was by its natural, an apartment building for people to live in the heart of the city. Few apartment builidngs excites people, but Gaud\u00ed&#8217;s Casa Mil\u00e0 did, at least its roof did so, among the chores of city life. It&#8217;s not going to be immortalized like the heavenly Sagrada Fam\u00edlia, but it did transcend most urban housing. Perhaps that&#8217;s why it&#8217;s great.<br \/>\nAnd it&#8217;s less crowded than the more famous Casa Batll\u00f3, and tickets were cheaper too.<\/p>\n<p><div style=\"width: 770px\" class=\"wp-caption alignnone\"><a href=\"http:\/\/i.imgur.com\/zNAPCqc.jpg\" target=\"_blank\"><img decoding=\"async\" src=\"http:\/\/i.imgur.com\/zNAPCqcl.jpg\" alt=\"Casa Mil\u00e0 Exterior\" \/><\/a><p class=\"wp-caption-text\"><\/br>Casa Mil\u00e0 Exterior<\/p><\/div><br \/>\n<div style=\"width: 770px\" class=\"wp-caption alignnone\"><a href=\"http:\/\/i.imgur.com\/2O572wy.jpg\" target=\"_blank\"><img decoding=\"async\" src=\"http:\/\/i.imgur.com\/2O572wyl.jpg\" alt=\"Decorated Stairs\" \/><\/a><p class=\"wp-caption-text\"><\/br>Decorated Stairs<\/p><\/div><\/p>\n<p>There are two atriums in Casa Mil\u00e0, which enabled more of its tenants to get natural light.<\/p>\n<p><div style=\"width: 770px\" class=\"wp-caption alignnone\"><a href=\"http:\/\/i.imgur.com\/fxWCcpN.jpg\" target=\"_blank\"><img decoding=\"async\" src=\"http:\/\/i.imgur.com\/fxWCcpNl.jpg\" alt=\"Atrium\" \/><\/a><p class=\"wp-caption-text\"><\/br>Atrium<\/p><\/div><br \/>\n<div style=\"width: 770px\" class=\"wp-caption alignnone\"><a href=\"http:\/\/i.imgur.com\/Vqe2r9N.jpg\" target=\"_blank\"><img decoding=\"async\" src=\"http:\/\/i.imgur.com\/Vqe2r9Nl.jpg\" alt=\"Atrium\" \/><\/a><p class=\"wp-caption-text\"><\/br>Atrium<\/p><\/div><br \/>\n<div style=\"width: 770px\" class=\"wp-caption alignnone\"><a href=\"http:\/\/i.imgur.com\/xwSoBcg.jpg\" target=\"_blank\"><img decoding=\"async\" src=\"http:\/\/i.imgur.com\/xwSoBcgl.jpg\" alt=\"Gate of Casa Mil\u00e0\" \/><\/a><p class=\"wp-caption-text\"><\/br>Gate of Casa Mil\u00e0<\/p><\/div><br \/>\n<div style=\"width: 770px\" class=\"wp-caption alignnone\"><a href=\"http:\/\/i.imgur.com\/4N6JMHR.jpg\" target=\"_blank\"><img decoding=\"async\" src=\"http:\/\/i.imgur.com\/4N6JMHRl.jpg\" alt=\"Atrium\" \/><\/a><p class=\"wp-caption-text\"><\/br>Atrium<\/p><\/div><\/p>\n<h4><span id=\"Rooftop\">Rooftop<\/span><\/h4>\n<p><div style=\"width: 770px\" class=\"wp-caption alignnone\"><a href=\"http:\/\/i.imgur.com\/3jEXppN.jpg\" target=\"_blank\"><img decoding=\"async\" src=\"http:\/\/i.imgur.com\/3jEXppNl.jpg\" alt=\"Ventilation Shaft\" \/><\/a><p class=\"wp-caption-text\"><\/br>Ventilation Shaft<\/p><\/div><br \/>\n<div style=\"width: 770px\" class=\"wp-caption alignnone\"><a href=\"http:\/\/i.imgur.com\/H4VAEe5.jpg\" target=\"_blank\"><img decoding=\"async\" src=\"http:\/\/i.imgur.com\/H4VAEe5l.jpg\" alt=\"Nearby Buildings\" \/><\/a><p class=\"wp-caption-text\"><\/br>Nearby Buildings<\/br><span style=\"font-size: small;\">In its official audio guide, Casa Mil\u00e0 mocked nearby buildings of their mundane uninteresting chimneys.<\/span><\/p><\/div><\/p>\n<p>Then there&#8217;s the most exciting part, chimneys in the form of soldier heads, turning the most mundane functional objects into pieces of art for apprectation.<\/p>\n<p><div style=\"width: 770px\" class=\"wp-caption alignnone\"><a href=\"http:\/\/i.imgur.com\/sk8Fwgr.jpg\" target=\"_blank\"><img decoding=\"async\" src=\"http:\/\/i.imgur.com\/sk8Fwgrl.jpg\" alt=\"Chimneys on Rooftop\" \/><\/a><p class=\"wp-caption-text\"><\/br>Chimneys on Rooftop<\/p><\/div><br \/>\n<div style=\"width: 770px\" class=\"wp-caption alignnone\"><a href=\"http:\/\/i.imgur.com\/tyF6ZYS.jpg\" target=\"_blank\"><img decoding=\"async\" src=\"http:\/\/i.imgur.com\/tyF6ZYSl.jpg\" alt=\"Overlooking atrium of Casa Mil\u00e0\" \/><\/a><p class=\"wp-caption-text\"><\/br>Overlooking atrium of Casa Mil\u00e0<\/br><span style=\"font-size: small;\">This design enabled most of the tenants to get natural lighting.<\/span><\/p><\/div><br \/>\n<div style=\"width: 770px\" class=\"wp-caption alignnone\"><a href=\"http:\/\/i.imgur.com\/NAfDA2x.jpg\" target=\"_blank\"><img decoding=\"async\" src=\"http:\/\/i.imgur.com\/NAfDA2xl.jpg\" alt=\"Chimneys on Rooftop\" \/><\/a><p class=\"wp-caption-text\"><\/br><a href=\"http:\/\/i.imgur.com\/09WyTxR.jpg\" target=\"_blank\"><img decoding=\"async\" src=\"http:\/\/i.imgur.com\/09WyTxRl.jpg\" alt=\"Chimneys on Rooftop\" \/><\/a><\/br>Chimneys on Rooftop<\/p><\/div><br \/>\n<div style=\"width: 770px\" class=\"wp-caption alignnone\"><a href=\"http:\/\/i.imgur.com\/bs5OaJu.jpg\" target=\"_blank\"><img decoding=\"async\" src=\"http:\/\/i.imgur.com\/bs5OaJul.jpg\" alt=\"Gr\u00e0cia Avenue from Casa Mil\u00e0\" \/><\/a><p class=\"wp-caption-text\"><\/br>Gr\u00e0cia Avenue from Casa Mil\u00e0<\/p><\/div><br \/>\n<div style=\"width: 770px\" class=\"wp-caption alignnone\"><a href=\"http:\/\/i.imgur.com\/G36OHkI.jpg\" target=\"_blank\"><img decoding=\"async\" src=\"http:\/\/i.imgur.com\/G36OHkIl.jpg\" alt=\"Sagrada Fam\u00edlia from Casa Mil\u00e0\" \/><\/a><p class=\"wp-caption-text\"><\/br>Sagrada Fam\u00edlia from Casa Mil\u00e0<\/p><\/div><br \/>\n<div style=\"width: 770px\" class=\"wp-caption alignnone\"><a href=\"http:\/\/i.imgur.com\/YWxxiNB.jpg\" target=\"_blank\"><img decoding=\"async\" src=\"http:\/\/i.imgur.com\/YWxxiNBl.jpg\" alt=\"Glass-Decorated Ventilation Shaft\" \/><\/a><p class=\"wp-caption-text\"><\/br>Glass-Decorated Ventilation Shaft<\/p><\/div><br \/>\n<div style=\"width: 770px\" class=\"wp-caption alignnone\"><a href=\"http:\/\/i.imgur.com\/gyjYDux.jpg\" target=\"_blank\"><img decoding=\"async\" src=\"http:\/\/i.imgur.com\/gyjYDuxl.jpg\" alt=\"Tile-Decorated Ventilation Shaft\" \/><\/a><p class=\"wp-caption-text\"><\/br>Tile-Decorated Ventilation Shaft<\/p><\/div><br \/>\n<div style=\"width: 770px\" class=\"wp-caption alignnone\"><a href=\"http:\/\/i.imgur.com\/PHQr8Z3.jpg\" target=\"_blank\"><img decoding=\"async\" src=\"http:\/\/i.imgur.com\/PHQr8Z3l.jpg\" alt=\"Chimneys on Rooftop\" \/><\/a><p class=\"wp-caption-text\"><\/br><a href=\"http:\/\/i.imgur.com\/gOJIGaD.jpg\" target=\"_blank\"><img decoding=\"async\" src=\"http:\/\/i.imgur.com\/gOJIGaDl.jpg\" alt=\"Chimneys on Rooftop\" \/><\/a><\/br>Chimneys on Rooftop<\/p><\/div><\/p>\n<h4><span id=\"Attic\">Attic<\/span><\/h4>\n<p>Immediately below the rooftop was the attic supported by 270 parabolic vaults. There was multiple exhibitions about furniture and Gaud\u00ed&#8217;s other architectural achievements.<\/p>\n<p><div style=\"width: 770px\" class=\"wp-caption alignnone\"><a href=\"http:\/\/i.imgur.com\/cq256FX.jpg\" target=\"_blank\"><img decoding=\"async\" src=\"http:\/\/i.imgur.com\/cq256FXl.jpg\" alt=\"Attic\" \/><\/a><p class=\"wp-caption-text\"><\/br>Attic<\/p><\/div><br \/>\n<div style=\"width: 770px\" class=\"wp-caption alignnone\"><a href=\"http:\/\/i.imgur.com\/TvO5HDn.jpg\" target=\"_blank\"><img decoding=\"async\" src=\"http:\/\/i.imgur.com\/TvO5HDnl.jpg\" alt=\"Casa Mil\u00e0 Model\" \/><\/a><p class=\"wp-caption-text\"><\/br>Casa Mil\u00e0 Model<\/p><\/div><br \/>\n<div style=\"width: 770px\" class=\"wp-caption alignnone\"><a href=\"http:\/\/i.imgur.com\/jXgafXj.jpg\" target=\"_blank\"><img decoding=\"async\" src=\"http:\/\/i.imgur.com\/jXgafXjl.jpg\" alt=\"Attic Model\" \/><\/a><p class=\"wp-caption-text\"><\/br>Attic Model<\/p><\/div><br \/>\n<div style=\"width: 770px\" class=\"wp-caption alignnone\"><a href=\"http:\/\/i.imgur.com\/RSQTezp.jpg\" target=\"_blank\"><img decoding=\"async\" src=\"http:\/\/i.imgur.com\/RSQTezpl.jpg\" alt=\"Model of Hanging Strings\" \/><\/a><p class=\"wp-caption-text\"><\/br>Model of Hanging Strings<\/br><span style=\"font-size: small;\">It\u2019s said that Gaudi based his design of Casa Mil\u00e0 attic arches on catenary rope.<\/span><\/p><\/div><\/p>\n<h4><span id=\"4th_Floor\">4th Floor<\/span><\/h4>\n<blockquote><p>\n<span style=\"font-size: large;\">Located on the 4th floor, the apartment recreates the home and lifestyle of a bourgeois family in Barcelona in the early 20th century. Recreating the original layout, fitted out ith furniture and househould items of teh time as well decorative elements designed by Gaudi (knobs or handles, moldings, doors and flooring), it offers visitors a glimpse of what it was like to live in. It is complemented by an audiovisual that provides an overview of the city&#8217;s rapid transformation and modernisaion in the first quarter of the 20th century.<\/span>\n<\/p><\/blockquote>\n<p><div style=\"width: 770px\" class=\"wp-caption alignnone\"><a href=\"http:\/\/i.imgur.com\/xtxUZz3.jpg\" target=\"_blank\"><img decoding=\"async\" src=\"http:\/\/i.imgur.com\/xtxUZz3l.jpg\" alt=\"View from Casa Mil\u00e0 Inner Balcony\" \/><\/a><p class=\"wp-caption-text\"><\/br>View from Casa Mil\u00e0 Inner Balcony<\/p><\/div><br \/>\n<div style=\"width: 770px\" class=\"wp-caption alignnone\"><a href=\"http:\/\/i.imgur.com\/j7c0TEv.jpg\" target=\"_blank\"><img decoding=\"async\" src=\"http:\/\/i.imgur.com\/j7c0TEvl.jpg\" alt=\"Child Bedroom\" \/><\/a><p class=\"wp-caption-text\"><\/br>Child Bedroom<\/p><\/div><br \/>\n<div style=\"width: 770px\" class=\"wp-caption alignnone\"><a href=\"http:\/\/i.imgur.com\/07epms6.jpg\" target=\"_blank\"><img decoding=\"async\" src=\"http:\/\/i.imgur.com\/07epms6l.jpg\" alt=\"Servant's Room\" \/><\/a><p class=\"wp-caption-text\"><\/br>Servant&#8217;s Room<\/p><\/div><br \/>\n<div style=\"width: 770px\" class=\"wp-caption alignnone\"><a href=\"http:\/\/i.imgur.com\/rLKi1f6.jpg\" target=\"_blank\"><img decoding=\"async\" src=\"http:\/\/i.imgur.com\/rLKi1f6l.jpg\" alt=\"Passage\" \/><\/a><p class=\"wp-caption-text\"><\/br>Passage<\/p><\/div><br \/>\n<div style=\"width: 770px\" class=\"wp-caption alignnone\"><a href=\"http:\/\/i.imgur.com\/MYi0lNv.jpg\" target=\"_blank\"><img decoding=\"async\" src=\"http:\/\/i.imgur.com\/MYi0lNvl.jpg\" alt=\"Servant's Bedroom\" \/><\/a><p class=\"wp-caption-text\"><\/br>Servant&#8217;s Bedroom<\/p><\/div><br \/>\n<div style=\"width: 770px\" class=\"wp-caption alignnone\"><a href=\"http:\/\/i.imgur.com\/cnvlCoP.jpg\" target=\"_blank\"><img decoding=\"async\" src=\"http:\/\/i.imgur.com\/cnvlCoPl.jpg\" alt=\"Kitchen\" \/><\/a><p class=\"wp-caption-text\"><\/br>Kitchen<\/p><\/div><br \/>\n<div style=\"width: 770px\" class=\"wp-caption alignnone\"><a href=\"http:\/\/i.imgur.com\/3MJxyBO.jpg\" target=\"_blank\"><img decoding=\"async\" src=\"http:\/\/i.imgur.com\/3MJxyBOl.jpg\" alt=\"Kitchen\" \/><\/a><p class=\"wp-caption-text\"><\/br><a href=\"http:\/\/i.imgur.com\/04Pxgha.jpg\" target=\"_blank\"><img decoding=\"async\" src=\"http:\/\/i.imgur.com\/04Pxghal.jpg\" alt=\"Kitchen\" \/><\/a><\/br>Kitchen<\/p><\/div><br \/>\n<div style=\"width: 770px\" class=\"wp-caption alignnone\"><a href=\"http:\/\/i.imgur.com\/3Amb0vT.jpg\" target=\"_blank\"><img decoding=\"async\" src=\"http:\/\/i.imgur.com\/3Amb0vTl.jpg\" alt=\"Dressing Room\" \/><\/a><p class=\"wp-caption-text\"><\/br>Dressing Room<\/p><\/div><br \/>\n<div style=\"width: 770px\" class=\"wp-caption alignnone\"><a href=\"http:\/\/i.imgur.com\/A9qXwXy.jpg\" target=\"_blank\"><img decoding=\"async\" src=\"http:\/\/i.imgur.com\/A9qXwXyl.jpg\" alt=\"Bathroom\" \/><\/a><p class=\"wp-caption-text\"><\/br>Bathroom<\/p><\/div><br \/>\n<div style=\"width: 770px\" class=\"wp-caption alignnone\"><a href=\"http:\/\/i.imgur.com\/GnmmO3H.jpg\" target=\"_blank\"><img decoding=\"async\" src=\"http:\/\/i.imgur.com\/GnmmO3Hl.jpg\" alt=\"View of Gr\u00e0cia Avenue\" \/><\/a><p class=\"wp-caption-text\"><\/br>View of Gr\u00e0cia Avenue<\/p><\/div><br \/>\n<div style=\"width: 770px\" class=\"wp-caption alignnone\"><a href=\"http:\/\/i.imgur.com\/PASF4rK.jpg\" target=\"_blank\"><img decoding=\"async\" src=\"http:\/\/i.imgur.com\/PASF4rKl.jpg\" alt=\"Study\" \/><\/a><p class=\"wp-caption-text\"><\/br>Study<\/p><\/div><br \/>\n<div style=\"width: 770px\" class=\"wp-caption alignnone\"><a href=\"http:\/\/i.imgur.com\/kLQKJnW.jpg\" target=\"_blank\"><img decoding=\"async\" src=\"http:\/\/i.imgur.com\/kLQKJnWl.jpg\" alt=\"Dining Room\" \/><\/a><p class=\"wp-caption-text\"><\/br>Dining Room<\/p><\/div><br \/>\n<div style=\"width: 770px\" class=\"wp-caption alignnone\"><a href=\"http:\/\/i.imgur.com\/1a96ry3.jpg\" target=\"_blank\"><img decoding=\"async\" src=\"http:\/\/i.imgur.com\/1a96ry3l.jpg\" alt=\"Master Bedroom\" \/><\/a><p class=\"wp-caption-text\"><\/br>Master Bedroom<\/p><\/div><br \/>\n<div style=\"width: 770px\" class=\"wp-caption alignnone\"><a href=\"http:\/\/i.imgur.com\/p2m1bfs.jpg\" target=\"_blank\"><img decoding=\"async\" src=\"http:\/\/i.imgur.com\/p2m1bfsl.jpg\" alt=\"Living Room\" \/><\/a><p class=\"wp-caption-text\"><\/br>Living Room<\/p><\/div><br \/>\n<div style=\"width: 770px\" class=\"wp-caption alignnone\"><a href=\"http:\/\/i.imgur.com\/gYvFZhG.jpg\" target=\"_blank\"><img decoding=\"async\" src=\"http:\/\/i.imgur.com\/gYvFZhGl.jpg\" alt=\"Master Bathroom\" \/><\/a><p class=\"wp-caption-text\"><\/br>Master Bathroom<\/p><\/div><\/p>\n<p>There wasn&#8217;t much to see more about Casa Mil\u00e0 below its fourth flower, as there were still residents living in it.<\/p>\n<p><div style=\"width: 770px\" class=\"wp-caption alignnone\"><a href=\"http:\/\/i.imgur.com\/uFclRWh.jpg\" target=\"_blank\"><img decoding=\"async\" src=\"http:\/\/i.imgur.com\/uFclRWhl.jpg\" alt=\"Stairway\" \/><\/a><p class=\"wp-caption-text\"><\/br>Stairway<\/p><\/div><br \/>\n<div style=\"width: 770px\" class=\"wp-caption alignnone\"><a href=\"http:\/\/i.imgur.com\/8DFzGL5.jpg\" target=\"_blank\"><img decoding=\"async\" src=\"http:\/\/i.imgur.com\/8DFzGL5l.jpg\" alt=\"Atrium\" \/><\/a><p class=\"wp-caption-text\"><\/br>Atrium<\/p><\/div><br \/>\n<div style=\"width: 770px\" class=\"wp-caption alignnone\"><a href=\"http:\/\/i.imgur.com\/3FrS5jj.jpg\" target=\"_blank\"><img decoding=\"async\" src=\"http:\/\/i.imgur.com\/3FrS5jjl.jpg\" alt=\"Decorated Stairs\" \/><\/a><p class=\"wp-caption-text\"><\/br>Decorated Stairs<\/p><\/div><br \/>\n<div style=\"width: 770px\" class=\"wp-caption alignnone\"><a href=\"http:\/\/i.imgur.com\/V5ST0XL.jpg\" target=\"_blank\"><img decoding=\"async\" src=\"http:\/\/i.imgur.com\/V5ST0XLl.jpg\" alt=\"Driveway to Garage\" \/><\/a><p class=\"wp-caption-text\"><\/br>Driveway to Garage<\/p><\/div><\/p>\n<p>Leaving Casa Mil\u00e0, our next stop was Casa Batll\u00f3, just a few blocks away.<\/p>\n<div style=\"width: 770px\" class=\"wp-caption alignnone\"><a href=\"http:\/\/i.imgur.com\/UbnJZNb.jpg\" target=\"_blank\"><img decoding=\"async\" src=\"http:\/\/i.imgur.com\/UbnJZNbl.jpg\" alt=\"Buildings along Gr\u00e0cia Avenue\" \/><\/a><p class=\"wp-caption-text\"><\/br>Buildings along Gr\u00e0cia Avenue<\/p><\/div>\n<h3><span id=\"Casa_Batllo\">Casa Batll\u00f3<\/span><\/h3>\n<p>Another of Antoni Gaud\u00ed&#8217;s masterpice in architecture. Perhaps the most famous of the three buildings in Mancana de la Discordia (Discord District). A symbol of Catalan Modernism, a structure with themes of fairytale dragon, a house of imagination.<\/p>\n<p>For comparison, Casa Mil\u00e0 was like a outsourced construction project, Gaud\u00ed finished the roofs and facades and atriums and left, leaving the interior rooms to the tenants; For Casa Batll\u00f3, Gaud\u00ed was charged with renovation, so that goes to the finest detail of indoor furniture, the windows and the stairs and the doors. Perhaps this fuller experience was why Casa Batll\u00f3 seemed to attract more visitors than Casa Mil\u00e0, though it could well be that Casa Batll\u00f3 was more compact and thus seemed more crowded.<\/p>\n<div style=\"width: 770px\" class=\"wp-caption alignnone\"><a href=\"http:\/\/i.imgur.com\/S44z0XF.jpg\" target=\"_blank\"><img decoding=\"async\" src=\"http:\/\/i.imgur.com\/S44z0XFl.jpg\" alt=\"Casa Batll\u00f3 Facade\" \/><\/a><p class=\"wp-caption-text\"><\/br>Casa Batll\u00f3 Facade<\/p><\/div>\n<p>Casa Batll\u00f3 offered a Samsung phone with Augmented Reality enabled so that visitors could experience Gaud\u00ed&#8217;s visions in real time. So on the screen one could see flying turtles, waving sea weeds, and so on.<\/p>\n<p><div style=\"width: 770px\" class=\"wp-caption alignnone\"><a href=\"http:\/\/i.imgur.com\/2QcF89k.jpg\" target=\"_blank\"><img decoding=\"async\" src=\"http:\/\/i.imgur.com\/2QcF89kl.jpg\" alt=\"Decorations\" \/><\/a><p class=\"wp-caption-text\"><\/br>Decorations<\/p><\/div><br \/>\n<div style=\"width: 770px\" class=\"wp-caption alignnone\"><a href=\"http:\/\/i.imgur.com\/lpgZyIF.jpg\" target=\"_blank\"><img decoding=\"async\" src=\"http:\/\/i.imgur.com\/lpgZyIFl.jpg\" alt=\"Decorations\" \/><\/a><p class=\"wp-caption-text\"><\/br>Decorations<\/br><span style=\"font-size: small;\">The shape of the pole by the stairs was to imitate sea creatures.<\/span><\/p><\/div><\/p>\n<h4><span id=\"Noble_Floor\">Noble Floor<\/span><\/h4>\n<p><div style=\"width: 770px\" class=\"wp-caption alignnone\"><a href=\"http:\/\/i.imgur.com\/NcyCUZ7.jpg\" target=\"_blank\"><img decoding=\"async\" src=\"http:\/\/i.imgur.com\/NcyCUZ7l.jpg\" alt=\"Stairs\" \/><\/a><p class=\"wp-caption-text\"><\/br>Stairs<\/p><\/div><br \/>\n<div style=\"width: 770px\" class=\"wp-caption alignnone\"><a href=\"http:\/\/i.imgur.com\/V4KUFZt.jpg\" target=\"_blank\"><img decoding=\"async\" src=\"http:\/\/i.imgur.com\/V4KUFZtl.jpg\" alt=\"Lights\" \/><\/a><p class=\"wp-caption-text\"><\/br>Lights<\/br><span style=\"font-size: small;\">The shape of the cover was to imitate turtle shells.<\/span><\/p><\/div><br \/>\n<div style=\"width: 770px\" class=\"wp-caption alignnone\"><a href=\"http:\/\/i.imgur.com\/JiMoHFw.jpg\" target=\"_blank\"><img decoding=\"async\" src=\"http:\/\/i.imgur.com\/JiMoHFwl.jpg\" alt=\"Doorway Leading form Noble Floor to Garden\" \/><\/a><p class=\"wp-caption-text\"><\/br>Doorway Leading form Noble Floor to Garden<\/p><\/div><br \/>\n<div style=\"width: 770px\" class=\"wp-caption alignnone\"><a href=\"http:\/\/i.imgur.com\/RmJs1sN.jpg\" target=\"_blank\"><img decoding=\"async\" src=\"http:\/\/i.imgur.com\/RmJs1sNl.jpg\" alt=\"Tile-Decorated Garden Wall\" \/><\/a><p class=\"wp-caption-text\"><\/br>Tile-Decorated Garden Wall<\/p><\/div><br \/>\n<div style=\"width: 770px\" class=\"wp-caption alignnone\"><a href=\"http:\/\/i.imgur.com\/XHLs3mg.jpg\" target=\"_blank\"><img decoding=\"async\" src=\"http:\/\/i.imgur.com\/XHLs3mgl.jpg\" alt=\"Garden Side Casa Batll\u00f3 Exterior\" \/><\/a><p class=\"wp-caption-text\"><\/br>Garden Side Casa Batll\u00f3 Exterior<\/p><\/div><br \/>\n<div style=\"width: 770px\" class=\"wp-caption alignnone\"><a href=\"http:\/\/i.imgur.com\/jfpg9sa.jpg\" target=\"_blank\"><img decoding=\"async\" src=\"http:\/\/i.imgur.com\/jfpg9sal.jpg\" alt=\"Doorway Leading form Noble Floor to Garden\" \/><\/a><p class=\"wp-caption-text\"><\/br>Doorway Leading form Noble Floor to Garden<\/p><\/div><br \/>\n<div style=\"width: 770px\" class=\"wp-caption alignnone\"><a href=\"http:\/\/i.imgur.com\/cWu5uzN.jpg\" target=\"_blank\"><img decoding=\"async\" src=\"http:\/\/i.imgur.com\/cWu5uzNl.jpg\" alt=\"Nearby Buildings from Casa Batll\u00f3 Garden\" \/><\/a><p class=\"wp-caption-text\"><\/br>Nearby Buildings from Casa Batll\u00f3 Garden<\/p><\/div><br \/>\n<div style=\"width: 770px\" class=\"wp-caption alignnone\"><a href=\"http:\/\/i.imgur.com\/CNELsi4.jpg\" target=\"_blank\"><img decoding=\"async\" src=\"http:\/\/i.imgur.com\/CNELsi4l.jpg\" alt=\"Colored Columns on Noble Floor near Garden\" \/><\/a><p class=\"wp-caption-text\"><\/br>Colored Columns on Noble Floor near Garden<\/p><\/div><br \/>\n<div style=\"width: 770px\" class=\"wp-caption alignnone\"><a href=\"http:\/\/i.imgur.com\/yLCNDlX.jpg\" target=\"_blank\"><img decoding=\"async\" src=\"http:\/\/i.imgur.com\/yLCNDlXl.jpg\" alt=\"Decorations of Atrium Wall\" \/><\/a><p class=\"wp-caption-text\"><\/br>Decorations of Atrium Wall<\/br><span style=\"font-size: small;\">Given different amount of light at each floor, the windows grow larger and the color of tiles lighter towards the lower floors, so that tenants on all floors can get appropriate amount of natural light.<\/span><\/p><\/div><br \/>\n<div style=\"width: 770px\" class=\"wp-caption alignnone\"><a href=\"http:\/\/i.imgur.com\/aUrSsTR.jpg\" target=\"_blank\"><img decoding=\"async\" src=\"http:\/\/i.imgur.com\/aUrSsTRl.jpg\" alt=\"Ceramic Decorations of Atrium Wall\" \/><\/a><p class=\"wp-caption-text\"><\/br>Ceramic Decorations of Atrium Wall<\/p><\/div><br \/>\n<div style=\"width: 770px\" class=\"wp-caption alignnone\"><a href=\"http:\/\/i.imgur.com\/Pb8SJAs.jpg\" target=\"_blank\"><img decoding=\"async\" src=\"http:\/\/i.imgur.com\/Pb8SJAsl.jpg\" alt=\"Mushroom-Shaped Fireplace\" \/><\/a><p class=\"wp-caption-text\"><\/br>Mushroom-Shaped Fireplace<\/p><\/div><br \/>\n<div style=\"width: 770px\" class=\"wp-caption alignnone\"><a href=\"http:\/\/i.imgur.com\/bkMFbJK.jpg\" target=\"_blank\"><img decoding=\"async\" src=\"http:\/\/i.imgur.com\/bkMFbJKl.jpg\" alt=\"Chandelier\" \/><\/a><p class=\"wp-caption-text\"><\/br>Chandelier<\/p><\/div><br \/>\n<div style=\"width: 770px\" class=\"wp-caption alignnone\"><a href=\"http:\/\/i.imgur.com\/f3TA79h.jpg\" target=\"_blank\"><img decoding=\"async\" src=\"http:\/\/i.imgur.com\/f3TA79hl.jpg\" alt=\"Ceiling Lights\" \/><\/a><p class=\"wp-caption-text\"><\/br>Ceiling Lights<\/p><\/div><br \/>\n<div style=\"width: 770px\" class=\"wp-caption alignnone\"><a href=\"http:\/\/i.imgur.com\/zGnbVPt.jpg\" target=\"_blank\"><img decoding=\"async\" src=\"http:\/\/i.imgur.com\/zGnbVPtl.jpg\" alt=\"Windows of Noble Floor Looking out to Gr\u00e0cia Avenue\" \/><\/a><p class=\"wp-caption-text\"><\/br>Windows of Noble Floor Looking out to Gr\u00e0cia Avenue<\/br><span style=\"font-size: small;\">Gaud\u00ed designed adjustable gratings in the lower and upper part of these windows so as to adjust air flow.<\/span><\/p><\/div><br \/>\n<div style=\"width: 770px\" class=\"wp-caption alignnone\"><a href=\"http:\/\/i.imgur.com\/6Q2ntXk.jpg\" target=\"_blank\"><img decoding=\"async\" src=\"http:\/\/i.imgur.com\/6Q2ntXkl.jpg\" alt=\"Glass Cover of Atrium Elevator\" \/><\/a><p class=\"wp-caption-text\"><\/br>Glass Cover of Atrium Elevator<\/p><\/div><br \/>\n<div style=\"width: 770px\" class=\"wp-caption alignnone\"><a href=\"http:\/\/i.imgur.com\/TfK1alL.jpg\" target=\"_blank\"><img decoding=\"async\" src=\"http:\/\/i.imgur.com\/TfK1alLl.jpg\" alt=\"Atrium\" \/><\/a><p class=\"wp-caption-text\"><\/br>Atrium<\/p><\/div><\/p>\n<h4><span id=\"Roof\">Roof<\/span><\/h4>\n<p>Given the amount of space available, the attic of Casa Batll\u00f3 was much simpler than Casa Mil\u00e0. Basically, it&#8217;s little more than covered laundry rooms for the servants, plainly decorated.<\/p>\n<p><div style=\"width: 770px\" class=\"wp-caption alignnone\"><a href=\"http:\/\/i.imgur.com\/ZkfgA1g.jpg\" target=\"_blank\"><img decoding=\"async\" src=\"http:\/\/i.imgur.com\/ZkfgA1gl.jpg\" alt=\"Sink in Attic\" \/><\/a><p class=\"wp-caption-text\"><\/br>Sink in Attic<\/p><\/div><br \/>\n<div style=\"width: 770px\" class=\"wp-caption alignnone\"><a href=\"http:\/\/i.imgur.com\/7y9Oexy.jpg\" target=\"_blank\"><img decoding=\"async\" src=\"http:\/\/i.imgur.com\/7y9Oexyl.jpg\" alt=\"Blinds in Attic\" \/><\/a><p class=\"wp-caption-text\"><\/br>Blinds in Attic<\/br><span style=\"font-size: small;\">At an angle, so as to block the sunlight but allow airflow.<\/span><\/p><\/div><\/p>\n<p>Here the chimneys were modelled after fins of a dragon. Still interesting but not as much as the soliders of Casa Mila in my opinion.<\/p>\n<p><div style=\"width: 770px\" class=\"wp-caption alignnone\"><a href=\"http:\/\/i.imgur.com\/LZm0MgH.jpg\" target=\"_blank\"><img decoding=\"async\" src=\"http:\/\/i.imgur.com\/LZm0MgHl.jpg\" alt=\"Chimneys\" \/><\/a><p class=\"wp-caption-text\"><\/br>Chimneys<\/p><\/div><br \/>\n<div style=\"width: 770px\" class=\"wp-caption alignnone\"><a href=\"http:\/\/i.imgur.com\/ckuWFox.jpg\" target=\"_blank\"><img decoding=\"async\" src=\"http:\/\/i.imgur.com\/ckuWFoxl.jpg\" alt=\"Tile Representing Dragon Fin\" \/><\/a><p class=\"wp-caption-text\"><\/br>Tile Representing Dragon Fin<\/br><span style=\"font-size: small;\">A common theory is that the rounded feature on the right, terminating at the top in a turret and cross, represents the lance of Saint George (patron saint of Catalonia, Gaud\u00ed&#8217;s home), which has been plunged into the back of the dragon.<\/span><\/p><\/div><br \/>\n<div style=\"width: 770px\" class=\"wp-caption alignnone\"><a href=\"http:\/\/i.imgur.com\/Jjs4QiY.jpg\" target=\"_blank\"><img decoding=\"async\" src=\"http:\/\/i.imgur.com\/Jjs4QiYl.jpg\" alt=\"Chimneys\" \/><\/a><p class=\"wp-caption-text\"><\/br>Chimneys<\/p><\/div><br \/>\n<div style=\"width: 770px\" class=\"wp-caption alignnone\"><a href=\"http:\/\/i.imgur.com\/GD6FTfj.jpg\" target=\"_blank\"><img decoding=\"async\" src=\"http:\/\/i.imgur.com\/GD6FTfjl.jpg\" alt=\"Attic Catenary Arcs\" \/><\/a><p class=\"wp-caption-text\"><\/br>Attic Catenary Arcs<\/p><\/div><br \/>\n<div style=\"width: 770px\" class=\"wp-caption alignnone\"><a href=\"http:\/\/i.imgur.com\/qtzbhxt.jpg\" target=\"_blank\"><img decoding=\"async\" src=\"http:\/\/i.imgur.com\/qtzbhxtl.jpg\" alt=\"Atrium\" \/><\/a><p class=\"wp-caption-text\"><\/br>Atrium<\/p><\/div><br \/>\n<div style=\"width: 770px\" class=\"wp-caption alignnone\"><a href=\"http:\/\/i.imgur.com\/KDjKmQS.jpg\" target=\"_blank\"><img decoding=\"async\" src=\"http:\/\/i.imgur.com\/KDjKmQSl.jpg\" alt=\"Casa Amatller and Casa Batll\u00f3\" \/><\/a><p class=\"wp-caption-text\"><\/br>Casa Amatller and Casa Batll\u00f3<\/p><\/div><br \/>\n<div style=\"width: 770px\" class=\"wp-caption alignnone\"><a href=\"http:\/\/i.imgur.com\/EfVEbSa.jpg\" target=\"_blank\"><img decoding=\"async\" src=\"http:\/\/i.imgur.com\/EfVEbSal.jpg\" alt=\"Windows of Casa Amatller\" \/><\/a><p class=\"wp-caption-text\"><\/br>Windows of Casa Amatller<\/p><\/div><\/p>\n<p>After that, we finished lunch (in a McDonald&#8217;s across the street), and began our afternoon aimless roam of Barcelona old city.<\/p>\n<p><div style=\"width: 770px\" class=\"wp-caption alignnone\"><a href=\"http:\/\/i.imgur.com\/N6Dr0on.jpg\" target=\"_blank\"><img decoding=\"async\" src=\"http:\/\/i.imgur.com\/N6Dr0onl.jpg\" alt=\"Casa Lle\u00f3 i Morera Facade\" \/><\/a><p class=\"wp-caption-text\"><\/br>Casa Lle\u00f3 i Morera Facade<\/p><\/div><br \/>\n<div style=\"width: 770px\" class=\"wp-caption alignnone\"><a href=\"http:\/\/i.imgur.com\/G30z8MD.jpg\" target=\"_blank\"><img decoding=\"async\" src=\"http:\/\/i.imgur.com\/G30z8MDl.jpg\" alt=\"Buildings along Gr\u00e0cia Avenue\" \/><\/a><p class=\"wp-caption-text\"><\/br>Buildings along Gr\u00e0cia Avenue<\/p><\/div><br \/>\n<div style=\"width: 770px\" class=\"wp-caption alignnone\"><a href=\"http:\/\/i.imgur.com\/AjqgXRv.jpg\" target=\"_blank\"><img decoding=\"async\" src=\"http:\/\/i.imgur.com\/AjqgXRvl.jpg\" alt=\"Statue in Pla\u00e7a de Catalunya\" \/><\/a><p class=\"wp-caption-text\"><\/br>Statue in Pla\u00e7a de Catalunya<\/p><\/div><br \/>\n<div style=\"width: 770px\" class=\"wp-caption alignnone\"><a href=\"http:\/\/i.imgur.com\/9isUi2T.jpg\" target=\"_blank\"><img decoding=\"async\" src=\"http:\/\/i.imgur.com\/9isUi2Tl.jpg\" alt=\"Bank of Spain Doorway\" \/><\/a><p class=\"wp-caption-text\"><\/br>Bank of Spain Doorway<\/p><\/div><br \/>\n<div style=\"width: 770px\" class=\"wp-caption alignnone\"><a href=\"http:\/\/i.imgur.com\/xAgisLG.jpg\" target=\"_blank\"><img decoding=\"async\" src=\"http:\/\/i.imgur.com\/xAgisLGl.jpg\" alt=\"Pedestrian Street in Barcelona Old City\" \/><\/a><p class=\"wp-caption-text\"><\/br>Pedestrian Street in Barcelona Old City<\/p><\/div><br \/>\n<div style=\"width: 770px\" class=\"wp-caption alignnone\"><a href=\"http:\/\/i.imgur.com\/bdCpIxU.jpg\" target=\"_blank\"><img decoding=\"async\" src=\"http:\/\/i.imgur.com\/bdCpIxUl.jpg\" alt=\"Buildings in Barcelon Old City\" \/><\/a><p class=\"wp-caption-text\"><\/br>Buildings in Barcelon Old City<\/p><\/div><br \/>\n<div style=\"width: 770px\" class=\"wp-caption alignnone\"><a href=\"http:\/\/i.imgur.com\/IfHKH1n.jpg\" target=\"_blank\"><img decoding=\"async\" src=\"http:\/\/i.imgur.com\/IfHKH1nl.jpg\" alt=\"Santa Anna Fountain\" \/><\/a><p class=\"wp-caption-text\"><\/br>Santa Anna Fountain<\/p><\/div><\/p>\n<h3><span id=\"Basilica_de_Santa_Maria_del_Pi\">Bas\u00edlica de Santa Maria del Pi<\/span><\/h3>\n<p>A 14th-century Gothic church in Barcelona, Catalonia, Spain. It was rumored that there existed a church on the same site far earlier. The church suffered a deliberate inferno in 1936 and was later rebuilt. Its rose window was said to be one of the largest in the world.<br \/>\nFor me, its single nave design made its stained-glass windows much more approachable, as one can read its characters (sadly, no figures) clearly.<\/p>\n<p>Apart from being a church itself, Bas\u00edlica de Santa Maria del Pi seemed to be hosting concerts regularly. <\/p>\n<p><div style=\"width: 770px\" class=\"wp-caption alignnone\"><a href=\"http:\/\/i.imgur.com\/gqn0pyt.jpg\" target=\"_blank\"><img decoding=\"async\" src=\"http:\/\/i.imgur.com\/gqn0pytl.jpg\" alt=\"Bas\u00edlica de Santa Maria del Pi Exterior\" \/><\/a><p class=\"wp-caption-text\"><\/br>Bas\u00edlica de Santa Maria del Pi Exterior<\/p><\/div><br \/>\n<div style=\"width: 770px\" class=\"wp-caption alignnone\"><a href=\"http:\/\/i.imgur.com\/JnCwxS8.jpg\" target=\"_blank\"><img decoding=\"async\" src=\"http:\/\/i.imgur.com\/JnCwxS8l.jpg\" alt=\"Buildings around Pla\u00e7a del Pi\" \/><\/a><p class=\"wp-caption-text\"><\/br>Buildings around Pla\u00e7a del Pi<\/p><\/div><br \/>\n<div style=\"width: 770px\" class=\"wp-caption alignnone\"><a href=\"http:\/\/i.imgur.com\/CU437v7.jpg\" target=\"_blank\"><img decoding=\"async\" src=\"http:\/\/i.imgur.com\/CU437v7l.jpg\" alt=\"Bas\u00edlica de Santa Maria del Pi Facade\" \/><\/a><p class=\"wp-caption-text\"><\/br>Bas\u00edlica de Santa Maria del Pi Facade<\/p><\/div><br \/>\n<div style=\"width: 770px\" class=\"wp-caption alignnone\"><a href=\"http:\/\/i.imgur.com\/oQx1XlG.jpg\" target=\"_blank\"><img decoding=\"async\" src=\"http:\/\/i.imgur.com\/oQx1XlGl.jpg\" alt=\"Bas\u00edlica de Santa Maria del Pi Interior\" \/><\/a><p class=\"wp-caption-text\"><\/br>Bas\u00edlica de Santa Maria del Pi Interior<\/p><\/div><br \/>\n<div style=\"width: 770px\" class=\"wp-caption alignnone\"><a href=\"http:\/\/i.imgur.com\/zBdm1a9.jpg\" target=\"_blank\"><img decoding=\"async\" src=\"http:\/\/i.imgur.com\/zBdm1a9l.jpg\" alt=\"Bas\u00edlica de Santa Maria del Pi Facade Interior\" \/><\/a><p class=\"wp-caption-text\"><\/br>Bas\u00edlica de Santa Maria del Pi Facade Interior<\/br><span style=\"font-size: small;\">The large rose window is a faithful 1940 reproduction of the original window.<\/span><\/p><\/div><br \/>\n<div style=\"width: 770px\" class=\"wp-caption alignnone\"><a href=\"http:\/\/i.imgur.com\/ZTE8A5R.jpg\" target=\"_blank\"><img decoding=\"async\" src=\"http:\/\/i.imgur.com\/ZTE8A5Rm.jpg\" alt=\"Chapel in Bas\u00edlica de Santa Maria del Pi\" \/><\/a><p class=\"wp-caption-text\"><a href=\"http:\/\/i.imgur.com\/IeGeGkB.jpg\" target=\"_blank\"><img decoding=\"async\" src=\"http:\/\/i.imgur.com\/IeGeGkBm.jpg\" alt=\"Chapel in Bas\u00edlica de Santa Maria del Pi\" \/><\/a><\/br><a href=\"http:\/\/i.imgur.com\/Asw6v44.jpg\" target=\"_blank\"><img decoding=\"async\" src=\"http:\/\/i.imgur.com\/Asw6v44m.jpg\" alt=\"Chapel in Bas\u00edlica de Santa Maria del Pi\" \/><\/a><a href=\"http:\/\/i.imgur.com\/nO7FE70.jpg\" target=\"_blank\"><img decoding=\"async\" src=\"http:\/\/i.imgur.com\/nO7FE70m.jpg\" alt=\"Chapel in Bas\u00edlica de Santa Maria del Pi\" \/><\/a><\/br>Chapel in Bas\u00edlica de Santa Maria del Pi<\/p><\/div><br \/>\n<div style=\"width: 770px\" class=\"wp-caption alignnone\"><a href=\"http:\/\/i.imgur.com\/038Uqgh.jpg\" target=\"_blank\"><img decoding=\"async\" src=\"http:\/\/i.imgur.com\/038Uqghl.jpg\" alt=\"Stained Glasses\" \/><\/a><p class=\"wp-caption-text\"><\/br>Stained Glasses<\/p><\/div><br \/>\n<div style=\"width: 770px\" class=\"wp-caption alignnone\"><a href=\"http:\/\/i.imgur.com\/vpf3wYu.jpg\" target=\"_blank\"><img decoding=\"async\" src=\"http:\/\/i.imgur.com\/vpf3wYul.jpg\" alt=\"Sacristy Collection\" \/><\/a><p class=\"wp-caption-text\"><\/br>Sacristy Collection<\/p><\/div><br \/>\n<div style=\"width: 770px\" class=\"wp-caption alignnone\"><a href=\"http:\/\/i.imgur.com\/mkpeHKz.jpg\" target=\"_blank\"><img decoding=\"async\" src=\"http:\/\/i.imgur.com\/mkpeHKzl.jpg\" alt=\"Sacristy Collection\" \/><\/a><p class=\"wp-caption-text\"><\/br>Sacristy Collection<\/p><\/div><br \/>\n<div style=\"width: 770px\" class=\"wp-caption alignnone\"><a href=\"http:\/\/i.imgur.com\/LBA7unf.jpg\" target=\"_blank\"><img decoding=\"async\" src=\"http:\/\/i.imgur.com\/LBA7unfl.jpg\" alt=\"Bell Tower\" \/><\/a><p class=\"wp-caption-text\"><\/br>Bell Tower<\/p><\/div><br \/>\n<div style=\"width: 770px\" class=\"wp-caption alignnone\"><a href=\"http:\/\/i.imgur.com\/A8kxGw4.jpg\" target=\"_blank\"><img decoding=\"async\" src=\"http:\/\/i.imgur.com\/A8kxGw4l.jpg\" alt=\"Light Falling through Bas\u00edlica de Santa Maria del Pi\" \/><\/a><p class=\"wp-caption-text\"><\/br>Light Falling through Bas\u00edlica de Santa Maria del Pi<\/p><\/div><br \/>\n<div style=\"width: 770px\" class=\"wp-caption alignnone\"><a href=\"http:\/\/i.imgur.com\/DEQRkhC.jpg\" target=\"_blank\"><img decoding=\"async\" src=\"http:\/\/i.imgur.com\/DEQRkhCl.jpg\" alt=\"Organ\" \/><\/a><p class=\"wp-caption-text\"><\/br>Organ<\/p><\/div><br \/>\n<div style=\"width: 770px\" class=\"wp-caption alignnone\"><a href=\"http:\/\/i.imgur.com\/xsKXgpU.jpg\" target=\"_blank\"><img decoding=\"async\" src=\"http:\/\/i.imgur.com\/xsKXgpUl.jpg\" alt=\"Bas\u00edlica de Santa Maria del Pi Apse\" \/><\/a><p class=\"wp-caption-text\"><\/br>Bas\u00edlica de Santa Maria del Pi Apse<\/p><\/div><br \/>\n<div style=\"width: 770px\" class=\"wp-caption alignnone\"><a href=\"http:\/\/i.imgur.com\/bTaRb2K.jpg\" target=\"_blank\"><img decoding=\"async\" src=\"http:\/\/i.imgur.com\/bTaRb2Km.jpg\" alt=\"Chapel in Bas\u00edlica de Santa Maria del Pi\" \/><\/a><p class=\"wp-caption-text\"><a href=\"http:\/\/i.imgur.com\/tKuuN4O.jpg\" target=\"_blank\"><img decoding=\"async\" src=\"http:\/\/i.imgur.com\/tKuuN4Om.jpg\" alt=\"Chapel in Bas\u00edlica de Santa Maria del Pi\" \/><\/a><\/br><a href=\"http:\/\/i.imgur.com\/Fy7KP4I.jpg\" target=\"_blank\"><img decoding=\"async\" src=\"http:\/\/i.imgur.com\/Fy7KP4Im.jpg\" alt=\"Chapel in Bas\u00edlica de Santa Maria del Pi\" \/><\/a><a href=\"http:\/\/i.imgur.com\/yQsUJqz.jpg\" target=\"_blank\"><img decoding=\"async\" src=\"http:\/\/i.imgur.com\/yQsUJqzm.jpg\" alt=\"Chapel in Bas\u00edlica de Santa Maria del Pi\" \/><\/a><\/br>Chapel in Bas\u00edlica de Santa Maria del Pi<\/p><\/div><\/p>\n<p>Having left Bas\u00edlica de Santa Maria del Pi and under my friend&#8217;s advice, we visited nearby La Boqueria Market, a famous indoor market selling meat, produce, cheese among other products.<\/p>\n<p><div style=\"width: 770px\" class=\"wp-caption alignnone\"><a href=\"http:\/\/i.imgur.com\/CdEmsqs.jpg\" target=\"_blank\"><img decoding=\"async\" src=\"http:\/\/i.imgur.com\/CdEmsqsl.jpg\" alt=\"Buildings along Rambla Avenue\" \/><\/a><p class=\"wp-caption-text\"><\/br>Buildings along Rambla Avenue<\/p><\/div><br \/>\n<div style=\"width: 770px\" class=\"wp-caption alignnone\"><a href=\"http:\/\/i.imgur.com\/QcEmbud.jpg\" target=\"_blank\"><img decoding=\"async\" src=\"http:\/\/i.imgur.com\/QcEmbudl.jpg\" alt=\"Buildings along Rambla Avenue\" \/><\/a><p class=\"wp-caption-text\"><\/br>Buildings along Rambla Avenue<\/p><\/div><br \/>\n<div style=\"width: 770px\" class=\"wp-caption alignnone\"><a href=\"http:\/\/i.imgur.com\/PJ3UQfh.jpg\" target=\"_blank\"><img decoding=\"async\" src=\"http:\/\/i.imgur.com\/PJ3UQfhl.jpg\" alt=\"Alley leading to La Boqueria Market\" \/><\/a><p class=\"wp-caption-text\"><\/br>Alley leading to La Boqueria Market<\/br><span style=\"font-size: small;\">Balconies with hanging clothes, full of livelihood.<\/span><\/p><\/div><\/p>\n<p>It&#8217;s a typical Thursday afternoon, but we found almost one-third of the stands in La Boqueria Market were closed (and it&#8217;s a famous market flocked by tourists). It seemed that their owners never bothered to go to work when they could just stay at home or go on vacationing, typical Spanish.<\/p>\n<p>We were particularly hungry at that point, and we definitely weren&#8217;t interested in the frozen meat or fish on the stands, and we thought we had had too many cheap and delicious Moroccan fruits in the previous days, so we just took a tour of the market and left.<\/p>\n<p><div style=\"width: 770px\" class=\"wp-caption alignnone\"><a href=\"http:\/\/i.imgur.com\/3wP3IMO.jpg\" target=\"_blank\"><img decoding=\"async\" src=\"http:\/\/i.imgur.com\/3wP3IMOl.jpg\" alt=\"Bas\u00edlica de Santa Maria del Pi Clock Tower beneath Jam\u00f3n Experience Skybridge\" \/><\/a><p class=\"wp-caption-text\"><\/br>Bas\u00edlica de Santa Maria del Pi Clock Tower beneath Jam\u00f3n Experience Skybridge<\/br><span style=\"font-size: small;\">A museum\/shop dedicated to local ham.<\/span><\/p><\/div><br \/>\n<div style=\"width: 770px\" class=\"wp-caption alignnone\"><a href=\"http:\/\/i.imgur.com\/1rKX0SX.jpg\" target=\"_blank\"><img decoding=\"async\" src=\"http:\/\/i.imgur.com\/1rKX0SXl.jpg\" alt=\"Casa Bruno Cuadros Facade\" \/><\/a><p class=\"wp-caption-text\"><\/br>Casa Bruno Cuadros Facade<\/br><span style=\"font-size: small;\">Also known as &#8220;umbrella house&#8221;.<\/span><\/p><\/div><br \/>\n<div style=\"width: 770px\" class=\"wp-caption alignnone\"><a href=\"http:\/\/i.imgur.com\/5FVtXxb.jpg\" target=\"_blank\"><img decoding=\"async\" src=\"http:\/\/i.imgur.com\/5FVtXxbl.jpg\" alt=\"Mosaic de Joan Mir\u00f3 o del Pla de l'Os\" \/><\/a><p class=\"wp-caption-text\"><\/br>Mosaic de Joan Mir\u00f3 o del Pla de l&#8217;Os<\/br><span style=\"font-size: small;\">Art project by Joan Mir\u00f3 inaugurated in 1976, the blue tiles corresponds to ocean, and the art welcomes people to Barcelona from the sea.<\/span><\/p><\/div><\/p>\n<p>After that, we went East and made Citadel Park our next stop.<\/p>\n<p><div style=\"width: 770px\" class=\"wp-caption alignnone\"><a href=\"http:\/\/i.imgur.com\/L4yiQUT.jpg\" target=\"_blank\"><img decoding=\"async\" src=\"http:\/\/i.imgur.com\/L4yiQUTl.jpg\" alt=\"Teatre del Liceu Facade\" \/><\/a><p class=\"wp-caption-text\"><\/br>Teatre del Liceu Facade<\/br><span style=\"font-size: small;\">Opera house first built in 1847.<\/span><\/p><\/div><br \/>\n<div style=\"width: 770px\" class=\"wp-caption alignnone\"><a href=\"http:\/\/i.imgur.com\/9J30tdT.jpg\" target=\"_blank\"><img decoding=\"async\" src=\"http:\/\/i.imgur.com\/9J30tdTl.jpg\" alt=\"Church of Sant Jaume Facade\" \/><\/a><p class=\"wp-caption-text\"><\/br>Church of Sant Jaume Facade<\/br><span style=\"font-size: small;\">14th Century church.<\/span><\/p><\/div><br \/>\n<div style=\"width: 770px\" class=\"wp-caption alignnone\"><a href=\"http:\/\/i.imgur.com\/Ms14P82.jpg\" target=\"_blank\"><img decoding=\"async\" src=\"http:\/\/i.imgur.com\/Ms14P82l.jpg\" alt=\"Barcelona City Hall\" \/><\/a><p class=\"wp-caption-text\"><\/br>Barcelona City Hall<\/p><\/div><br \/>\n<div style=\"width: 770px\" class=\"wp-caption alignnone\"><a href=\"http:\/\/i.imgur.com\/aw68WMf.jpg\" target=\"_blank\"><img decoding=\"async\" src=\"http:\/\/i.imgur.com\/aw68WMfl.jpg\" alt=\"Palau de la Generalitat de Catalunya\" \/><\/a><p class=\"wp-caption-text\"><\/br>Palau de la Generalitat de Catalunya<\/br><span style=\"font-size: small;\">It houses the offices of the Presidency of the Generalitat de Catalunya. It is one of the few buildings of medieval origin in Europe that still functions as a seat of government and houses the institution that originally built it.<\/span><\/p><\/div><br \/>\n<div style=\"width: 770px\" class=\"wp-caption alignnone\"><a href=\"http:\/\/i.imgur.com\/WhUmOfu.jpg\" target=\"_blank\"><img decoding=\"async\" src=\"http:\/\/i.imgur.com\/WhUmOful.jpg\" alt=\"Plaza San Jaime\" \/><\/a><p class=\"wp-caption-text\"><\/br>Plaza San Jaime<\/br>Well, this is City Hall of Barcelona and Governor House of Catalunya, so supporters for Catalunya Independence Movements were proudly hanging Catalunya flags over their balconies.<\/p><\/div><br \/>\n<div style=\"width: 770px\" class=\"wp-caption alignnone\"><a href=\"http:\/\/i.imgur.com\/mLA6nIW.jpg\" target=\"_blank\"><img decoding=\"async\" src=\"http:\/\/i.imgur.com\/mLA6nIWl.jpg\" alt=\"Gargoyle on Palau de la Generalitat de Catalunya\" \/><\/a><p class=\"wp-caption-text\"><\/br>Gargoyle on Palau de la Generalitat de Catalunya<\/p><\/div><br \/>\n<div style=\"width: 770px\" class=\"wp-caption alignnone\"><a href=\"http:\/\/i.imgur.com\/vTuAOqY.jpg\" target=\"_blank\"><img decoding=\"async\" src=\"http:\/\/i.imgur.com\/vTuAOqYl.jpg\" alt=\"Bridge of Palau de la Generalitat de Catalunya over Carrer del Bisbe\" \/><\/a><p class=\"wp-caption-text\"><\/br>Bridge of Palau de la Generalitat de Catalunya over Carrer del Bisbe<\/p><\/div><br \/>\n<div style=\"width: 770px\" class=\"wp-caption alignnone\"><a href=\"http:\/\/i.imgur.com\/yvMNsY8.jpg\" target=\"_blank\"><img decoding=\"async\" src=\"http:\/\/i.imgur.com\/yvMNsY8l.jpg\" alt=\"Side Portal of Catedral de Barcelona\" \/><\/a><p class=\"wp-caption-text\"><\/br>Side Portal of Catedral de Barcelona<\/p><\/div><br \/>\n<div style=\"width: 770px\" class=\"wp-caption alignnone\"><a href=\"http:\/\/i.imgur.com\/RB0E6pN.jpg\" target=\"_blank\"><img decoding=\"async\" src=\"http:\/\/i.imgur.com\/RB0E6pNl.jpg\" alt=\"Statue on Pla\u00e7a de Garriga i Bachs\" \/><\/a><p class=\"wp-caption-text\"><\/br>Statue on Pla\u00e7a de Garriga i Bachs<\/p><\/div><\/p>\n<h3><span id=\"Torres_Romanes\">Torres Romanes<\/span><\/h3>\n<p>On our way to Citadel Park, we passed by Torres Romanes (Roman Walls), which was just North of Cathedral of Barcelona. Although it goes by the name Roman Walls, only a small segment of it remained till this day, so it looked more like a building than a part of city wall. Currently, it&#8217;s an open-access public space, with a small museum on its first floor.<\/p>\n<p><div style=\"width: 770px\" class=\"wp-caption alignnone\"><a href=\"http:\/\/i.imgur.com\/D1bMZbS.jpg\" target=\"_blank\"><img decoding=\"async\" src=\"http:\/\/i.imgur.com\/D1bMZbSl.jpg\" alt=\"Fountain\" \/><\/a><p class=\"wp-caption-text\"><\/br>Fountain<\/p><\/div><br \/>\n<div style=\"width: 770px\" class=\"wp-caption alignnone\"><a href=\"http:\/\/i.imgur.com\/yJXNyOX.jpg\" target=\"_blank\"><img decoding=\"async\" src=\"http:\/\/i.imgur.com\/yJXNyOXl.jpg\" alt=\"Relief\" \/><\/a><p class=\"wp-caption-text\"><\/br>Relief<\/p><\/div><br \/>\n<div style=\"width: 770px\" class=\"wp-caption alignnone\"><a href=\"http:\/\/i.imgur.com\/Y4eMpeH.jpg\" target=\"_blank\"><img decoding=\"async\" src=\"http:\/\/i.imgur.com\/Y4eMpeHl.jpg\" alt=\"Catedral de Barcelona Facade\" \/><\/a><p class=\"wp-caption-text\"><\/br>Catedral de Barcelona Facade<\/p><\/div><\/p>\n<h3><span id=\"Santa_Caterina_Market\">Santa Caterina Market<\/span><\/h3>\n<p>It seemed that my friend was particularly interested in markets, so under his suggestion, we visited Santa Caterina Market on our way to Citadel Park.<\/p>\n<p>Built in 19th Century, Santa Caterina Market was the first market in Barcelona with roof. The current market was renovated in 1997 (so it looked a lot more modern than La Boqueria Market), and it was more daily Barcelona life than La Boqueria Market which were mostly visited by tourists. Currently it had a colorful wave-shape roof, for which we didn&#8217;t have wings to see.<\/p>\n<p><div style=\"width: 770px\" class=\"wp-caption alignnone\"><a href=\"http:\/\/i.imgur.com\/mfHuVJW.jpg\" target=\"_blank\"><img decoding=\"async\" src=\"http:\/\/i.imgur.com\/mfHuVJWl.jpg\" alt=\"Santa Caterina Market Entrance\" \/><\/a><p class=\"wp-caption-text\"><\/br>Santa Caterina Market Entrance<\/p><\/div><br \/>\n<div style=\"width: 770px\" class=\"wp-caption alignnone\"><a href=\"http:\/\/i.imgur.com\/5HNHesk.jpg\" target=\"_blank\"><img decoding=\"async\" src=\"http:\/\/i.imgur.com\/5HNHeskl.jpg\" alt=\"Archeology Excavations at Santa Caterina Market\" \/><\/a><p class=\"wp-caption-text\"><\/br>Archeology Excavations at Santa Caterina Market<\/br>It&#8217;s definitely a market with history.<\/p><\/div><br \/>\n<div style=\"width: 770px\" class=\"wp-caption alignnone\"><a href=\"http:\/\/i.imgur.com\/jg8EcVY.jpg\" target=\"_blank\"><img decoding=\"async\" src=\"http:\/\/i.imgur.com\/jg8EcVYl.jpg\" alt=\"Santa Caterina Market Entrance\" \/><\/a><p class=\"wp-caption-text\"><\/br>Santa Caterina Market Entrance<\/p><\/div><br \/>\n<div style=\"width: 770px\" class=\"wp-caption alignnone\"><a href=\"http:\/\/i.imgur.com\/6vidNXh.jpg\" target=\"_blank\"><img decoding=\"async\" src=\"http:\/\/i.imgur.com\/6vidNXhl.jpg\" alt=\"Pedestrian Street in Barcelona Old City\" \/><\/a><p class=\"wp-caption-text\"><\/br>Pedestrian Street in Barcelona Old City<\/p><\/div><br \/>\n<div style=\"width: 770px\" class=\"wp-caption alignnone\"><a href=\"http:\/\/i.imgur.com\/flZBqFy.jpg\" target=\"_blank\"><img decoding=\"async\" src=\"http:\/\/i.imgur.com\/flZBqFyl.jpg\" alt=\"Buildings in Barcelona Old City\" \/><\/a><p class=\"wp-caption-text\"><\/br>Buildings in Barcelona Old City<\/p><\/div><br \/>\n<div style=\"width: 770px\" class=\"wp-caption alignnone\"><a href=\"http:\/\/i.imgur.com\/8QjJr3T.jpg\" target=\"_blank\"><img decoding=\"async\" src=\"http:\/\/i.imgur.com\/8QjJr3Tl.jpg\" alt=\"Picasso Avenue\" \/><\/a><p class=\"wp-caption-text\"><\/br>Picasso Avenue<\/p><\/div><\/p>\n<h3><span id=\"Parc_de_la_Ciutadella\">Parc de la Ciutadella<\/span><\/h3>\n<p>The Citadel was first built after the Spanish conquered Barcelona in 1714, at which time it was the largest fortress in Europe. In 19th Century, change in political climate resulted in the Citadel be demolished into a park. For decades onwards, it was the only green space in the city. Later 1888 Barcelona Universal Exposition was mostly held in Citadel Park, the remains of which were still seen today in the park.<\/p>\n<p><div style=\"width: 770px\" class=\"wp-caption alignnone\"><a href=\"http:\/\/i.imgur.com\/oE1JyY2.jpg\" target=\"_blank\"><img decoding=\"async\" src=\"http:\/\/i.imgur.com\/oE1JyY2l.jpg\" alt=\"Castell dels Tres Dragons\" \/><\/a><p class=\"wp-caption-text\"><\/br>Castell dels Tres Dragons<\/br><span style=\"font-size: small;\">The Castle of the Three Dragons, built as Caf\u00e9 restaurant for the 1888 Universal Exposition of Barcelona.<\/span><\/p><\/div><br \/>\n<div style=\"width: 770px\" class=\"wp-caption alignnone\"><a href=\"http:\/\/i.imgur.com\/dtTPE11.jpg\" target=\"_blank\"><img decoding=\"async\" src=\"http:\/\/i.imgur.com\/dtTPE11l.jpg\" alt=\"Greenhouse\" \/><\/a><p class=\"wp-caption-text\"><\/br>Greenhouse<\/br><span style=\"font-size: small;\">Leftover from the Expo.<\/span><\/p><\/div><br \/>\n<div style=\"width: 770px\" class=\"wp-caption alignnone\"><a href=\"http:\/\/i.imgur.com\/xpqvUD7.jpg\" target=\"_blank\"><img decoding=\"async\" src=\"http:\/\/i.imgur.com\/xpqvUD7l.jpg\" alt=\"Statue of Francesc Rius i Taulet\" \/><\/a><p class=\"wp-caption-text\"><\/br>Statue of Francesc Rius i Taulet<\/br><span style=\"font-size: small;\">Mayor of Barcelona in four different non-consecutive periods during the Restoration between 1858 and 1889, regarded to be among the highest promoters of the 1888 Barcelona Universal Exposition and its related urbanistic reforms.<\/span><\/p><\/div><br \/>\n<div style=\"width: 770px\" class=\"wp-caption alignnone\"><a href=\"http:\/\/i.imgur.com\/MhVKScr.jpg\" target=\"_blank\"><img decoding=\"async\" src=\"http:\/\/i.imgur.com\/MhVKScrl.jpg\" alt=\"Arc de Triomf\" \/><\/a><p class=\"wp-caption-text\"><\/br>Arc de Triomf<\/br><span style=\"font-size: small;\">Main entrance to the Universal Exhibition hosted by the city in 1888<\/span><\/p><\/div><br \/>\n<div style=\"width: 770px\" class=\"wp-caption alignnone\"><a href=\"http:\/\/i.imgur.com\/nZHnJXk.jpg\" target=\"_blank\"><img decoding=\"async\" src=\"http:\/\/i.imgur.com\/nZHnJXkl.jpg\" alt=\"Superior Court\" \/><\/a><p class=\"wp-caption-text\"><\/br>Superior Court<\/p><\/div><br \/>\n<div style=\"width: 770px\" class=\"wp-caption alignnone\"><a href=\"http:\/\/i.imgur.com\/g6TtTwC.jpg\" target=\"_blank\"><img decoding=\"async\" src=\"http:\/\/i.imgur.com\/g6TtTwCl.jpg\" alt=\"Bandstand Dedicated to the Transsexual Sonia\" \/><\/a><p class=\"wp-caption-text\"><\/br>Bandstand Dedicated to the Transsexual Sonia<\/br><span style=\"font-size: small;\">To Sonia Rescalvo Zafra, who was brutally murdered on 6th October 1991 in this bandstand by a group of neo-Nazis for her gender identity. The city of Barcelona condemns this crime and dedicated this bandstand in her name.<\/span><\/p><\/div><br \/>\n<div style=\"width: 770px\" class=\"wp-caption alignnone\"><a href=\"http:\/\/i.imgur.com\/wCMstD6.jpg\" target=\"_blank\"><img decoding=\"async\" src=\"http:\/\/i.imgur.com\/wCMstD6l.jpg\" alt=\"Cascada Monumental\" \/><\/a><p class=\"wp-caption-text\"><\/br>Cascada Monumental<\/p><\/div><br \/>\n<div style=\"width: 770px\" class=\"wp-caption alignnone\"><a href=\"http:\/\/i.imgur.com\/bn3evW7.jpg\" target=\"_blank\"><img decoding=\"async\" src=\"http:\/\/i.imgur.com\/bn3evW7l.jpg\" alt=\"Cascada Monumental\" \/><\/a><p class=\"wp-caption-text\"><\/br>Cascada Monumental<\/p><\/div><br \/>\n<div style=\"width: 770px\" class=\"wp-caption alignnone\"><a href=\"http:\/\/i.imgur.com\/3wpfbmO.jpg\" target=\"_blank\"><img decoding=\"async\" src=\"http:\/\/i.imgur.com\/3wpfbmOl.jpg\" alt=\"Cascada Monumental\" \/><\/a><p class=\"wp-caption-text\"><\/br>Cascada Monumental<\/br><span style=\"font-size: small;\">With statue of Goddess Aurora and her chariot up in the top.<\/span><\/p><\/div><br \/>\n<div style=\"width: 770px\" class=\"wp-caption alignnone\"><a href=\"http:\/\/i.imgur.com\/BYfW31v.jpg\" target=\"_blank\"><img decoding=\"async\" src=\"http:\/\/i.imgur.com\/BYfW31vl.jpg\" alt=\"Pond below Cascada Monumental\" \/><\/a><p class=\"wp-caption-text\"><\/br>Pond below Cascada Monumental<\/p><\/div><br \/>\n<div style=\"width: 770px\" class=\"wp-caption alignnone\"><a href=\"http:\/\/i.imgur.com\/ROpfGoX.jpg\" target=\"_blank\"><img decoding=\"async\" src=\"http:\/\/i.imgur.com\/ROpfGoXl.jpg\" alt=\"Pigeons and Parrots\" \/><\/a><p class=\"wp-caption-text\"><\/br>Pigeons and Parrots<\/br><span style=\"font-size: small;\">There was a lady feeding those birds, so it seemed that all the birds in the park were here.<\/span><\/p><\/div><br \/>\n<div style=\"width: 770px\" class=\"wp-caption alignnone\"><a href=\"http:\/\/i.imgur.com\/buTn45P.jpg\" target=\"_blank\"><img decoding=\"async\" src=\"http:\/\/i.imgur.com\/buTn45Pl.jpg\" alt=\"Lake in Citadel Park\" \/><\/a><p class=\"wp-caption-text\"><\/br>Lake in Citadel Park<\/p><\/div><br \/>\n<div style=\"width: 770px\" class=\"wp-caption alignnone\"><a href=\"http:\/\/i.imgur.com\/5yljN1k.jpg\" target=\"_blank\"><img decoding=\"async\" src=\"http:\/\/i.imgur.com\/5yljN1kl.jpg\" alt=\"Catalunya Parliament\" \/><\/a><p class=\"wp-caption-text\"><\/br>Catalunya Parliament<\/p><\/div><br \/>\n<div style=\"width: 770px\" class=\"wp-caption alignnone\"><a href=\"http:\/\/i.imgur.com\/AdREfEG.jpg\" target=\"_blank\"><img decoding=\"async\" src=\"http:\/\/i.imgur.com\/AdREfEGl.jpg\" alt=\"Castrense Church\" \/><\/a><p class=\"wp-caption-text\"><\/br>Castrense Church<\/p><\/div><br \/>\n<div style=\"width: 770px\" class=\"wp-caption alignnone\"><a href=\"http:\/\/i.imgur.com\/xMFIfST.jpg\" target=\"_blank\"><img decoding=\"async\" src=\"http:\/\/i.imgur.com\/xMFIfSTl.jpg\" alt=\"Statue of Juan Prim\" \/><\/a><p class=\"wp-caption-text\"><\/br>Statue of Juan Prim<\/br><span style=\"font-size: small;\">19 Century Spanish general and statesman who was briefly Prime Minister of Spain until his assassination.<\/span><\/p><\/div><\/p>\n<p>After that, it was nearly 6pm, so we made our way back to Barcelona old city and our hotel.<\/p>\n<p><div style=\"width: 770px\" class=\"wp-caption alignnone\"><a href=\"http:\/\/i.imgur.com\/XuI0Uux.jpg\" target=\"_blank\"><img decoding=\"async\" src=\"http:\/\/i.imgur.com\/XuI0Uuxl.jpg\" alt=\"Fran\u00e7a Train Station Interior\" \/><\/a><p class=\"wp-caption-text\"><\/br><a href=\"http:\/\/i.imgur.com\/LsdHyFB.jpg\" target=\"_blank\"><img decoding=\"async\" src=\"http:\/\/i.imgur.com\/LsdHyFBl.jpg\" alt=\"Fran\u00e7a Train Station Interior\" \/><\/a><\/br>Fran\u00e7a Train Station Interior<\/p><\/div><br \/>\n<div style=\"width: 770px\" class=\"wp-caption alignnone\"><a href=\"http:\/\/i.imgur.com\/d72JMBK.jpg\" target=\"_blank\"><img decoding=\"async\" src=\"http:\/\/i.imgur.com\/d72JMBKl.jpg\" alt=\"Font del Geni Catal\u00e0\" \/><\/a><p class=\"wp-caption-text\"><\/br>Font del Geni Catal\u00e0<\/br><span style=\"font-size: small;\">Statue dedicated to the Marquis de Campo Sagrado, captain general of Catalonia from 1824 to 1827. The winged figure holding the star represents the &#8220;Catalan genius,&#8221; the four women sitting are allegories of the four provinces of Catalonia and sea horses represent the four main rivers (the Ebro, the Segre, the Llobregat and Ter).<\/span><\/p><\/div><\/p>\n<h3><span id=\"Basilica_de_Santa_Maria_del_Mar\">Bas\u00edlica de Santa Maria del Mar<\/span><\/h3>\n<p>Bas\u00edlica de Santa Maria del Mar was is an outstanding example of Catalan Gothic built between 1329 and 1383 at the height of Catalonia&#8217;s maritime and mercantile preeminence. It was on our way back to hotel and free admission, so we paid it a visit.<\/p>\n<p>Its English name is &#8220;Saint Mary of the Sea&#8221;, and by Google Maps, it has the shortest distance (550m) to the sea in all the major churches in Barcelona, so it definitely lived up to its name.<\/p>\n<p><div style=\"width: 770px\" class=\"wp-caption alignnone\"><a href=\"http:\/\/i.imgur.com\/8e7dX7M.jpg\" target=\"_blank\"><img decoding=\"async\" src=\"http:\/\/i.imgur.com\/8e7dX7Ml.jpg\" alt=\"Memorial Torch in Fossar de les Moreres\" \/><\/a><p class=\"wp-caption-text\"><\/br>Memorial Torch in Fossar de les Moreres<\/br><span style=\"font-size: small;\">The plaza was built over a cemetery where defenders of the city were buried following the Siege of Barcelona at the end of the War of the Spanish Succession in 1714. The memorial torch of eternal flame and heroic poem by Frederic Soler, &#8220;El Fossar de les Moreres&#8221; were dedicated to the soldiers defending the city.<\/span><\/p><\/div><br \/>\n<div style=\"width: 770px\" class=\"wp-caption alignnone\"><a href=\"http:\/\/i.imgur.com\/1kJaToI.jpg\" target=\"_blank\"><img decoding=\"async\" src=\"http:\/\/i.imgur.com\/1kJaToIl.jpg\" alt=\"Buildings by Fossar de les Moreres Plaza\" \/><\/a><p class=\"wp-caption-text\"><\/br>Buildings by Fossar de les Moreres Plaza<\/p><\/div><br \/>\n<div style=\"width: 770px\" class=\"wp-caption alignnone\"><a href=\"http:\/\/i.imgur.com\/bfu4FJL.jpg\" target=\"_blank\"><img decoding=\"async\" src=\"http:\/\/i.imgur.com\/bfu4FJLl.jpg\" alt=\"Nave\" \/><\/a><p class=\"wp-caption-text\"><\/br>Nave<\/p><\/div><br \/>\n<div style=\"width: 770px\" class=\"wp-caption alignnone\"><a href=\"http:\/\/i.imgur.com\/CSU9CIp.jpg\" target=\"_blank\"><img decoding=\"async\" src=\"http:\/\/i.imgur.com\/CSU9CIpl.jpg\" alt=\"Nave\" \/><\/a><p class=\"wp-caption-text\"><\/br>Nave<\/p><\/div><br \/>\n<div style=\"width: 770px\" class=\"wp-caption alignnone\"><a href=\"http:\/\/i.imgur.com\/RA3iDYy.jpg\" target=\"_blank\"><img decoding=\"async\" src=\"http:\/\/i.imgur.com\/RA3iDYyl.jpg\" alt=\"Altar\" \/><\/a><p class=\"wp-caption-text\"><\/br>Altar<\/p><\/div><br \/>\n<div style=\"width: 770px\" class=\"wp-caption alignnone\"><a href=\"http:\/\/i.imgur.com\/pRHqfDE.jpg\" target=\"_blank\"><img decoding=\"async\" src=\"http:\/\/i.imgur.com\/pRHqfDEl.jpg\" alt=\"Chandelier in Bas\u00edlica de Santa Maria del Mar\" \/><\/a><p class=\"wp-caption-text\"><\/br>Chandelier in Bas\u00edlica de Santa Maria del Mar<\/p><\/div><br \/>\n<div style=\"width: 770px\" class=\"wp-caption alignnone\"><a href=\"http:\/\/i.imgur.com\/wmVnm4t.jpg\" target=\"_blank\"><img decoding=\"async\" src=\"http:\/\/i.imgur.com\/wmVnm4tl.jpg\" alt=\"Columns of Bas\u00edlica de Santa Maria del Mar\" \/><\/a><p class=\"wp-caption-text\"><\/br>Columns of Bas\u00edlica de Santa Maria del Mar<\/p><\/div><br \/>\n<div style=\"width: 770px\" class=\"wp-caption alignnone\"><a href=\"http:\/\/i.imgur.com\/4ypm5cB.jpg\" target=\"_blank\"><img decoding=\"async\" src=\"http:\/\/i.imgur.com\/4ypm5cBl.jpg\" alt=\"Organ\" \/><\/a><p class=\"wp-caption-text\"><\/br>Organ<\/p><\/div><br \/>\n<div style=\"width: 770px\" class=\"wp-caption alignnone\"><a href=\"http:\/\/i.imgur.com\/y4ZNeEc.jpg\" target=\"_blank\"><img decoding=\"async\" src=\"http:\/\/i.imgur.com\/y4ZNeEcl.jpg\" alt=\"Bas\u00edlica de Santa Maria del Mar\" \/><\/a><p class=\"wp-caption-text\"><\/br>Bas\u00edlica de Santa Maria del Mar<\/p><\/div><br \/>\n<div style=\"width: 770px\" class=\"wp-caption alignnone\"><a href=\"http:\/\/i.imgur.com\/IOWlKon.jpg\" target=\"_blank\"><img decoding=\"async\" src=\"http:\/\/i.imgur.com\/IOWlKonl.jpg\" alt=\"Bas\u00edlica de Santa Maria del Mar Facade\" \/><\/a><p class=\"wp-caption-text\"><\/br>Bas\u00edlica de Santa Maria del Mar Facade<\/p><\/div><br \/>\n<div style=\"width: 770px\" class=\"wp-caption alignnone\"><a href=\"http:\/\/i.imgur.com\/UF2epMW.jpg\" target=\"_blank\"><img decoding=\"async\" src=\"http:\/\/i.imgur.com\/UF2epMWl.jpg\" alt=\"Buildings in Barcelona Old City\" \/><\/a><p class=\"wp-caption-text\"><\/br>Buildings in Barcelona Old City<\/p><\/div><br \/>\n<div style=\"width: 770px\" class=\"wp-caption alignnone\"><a href=\"http:\/\/i.imgur.com\/RjfYFZ5.jpg\" target=\"_blank\"><img decoding=\"async\" src=\"http:\/\/i.imgur.com\/RjfYFZ5l.jpg\" alt=\"Walls of Santa \u00c0gata Chapel\" \/><\/a><p class=\"wp-caption-text\"><\/br>Walls of Santa \u00c0gata Chapel<\/p><\/div><\/p>\n<h3><span id=\"Catedral_de_Barcelona\">Catedral de Barcelona<\/span><\/h3>\n<p>Gothic cathedral and seat of the Archbishop of Barcelona constructed between 13th and 15th Centuries. The cathedral is dedicated to Eulalia of Barcelona, co-patron saint of Barcelona, a young virgin who, according to Catholic tradition, suffered martyrdom during Roman times in the city. 13 white geese are kept in its secluded Gothic cloister, in correspondence with the assertion that Eulalia was 13 when she was martyred.<\/p>\n<p>When we passed it on our way back, it was its free admission hours, so we paid it a visit.<\/p>\n<p><div style=\"width: 770px\" class=\"wp-caption alignnone\"><a href=\"http:\/\/i.imgur.com\/KifMLNo.jpg\" target=\"_blank\"><img decoding=\"async\" src=\"http:\/\/i.imgur.com\/KifMLNol.jpg\" alt=\"Asile\" \/><\/a><p class=\"wp-caption-text\"><\/br>Asile<\/p><\/div><br \/>\n<div style=\"width: 770px\" class=\"wp-caption alignnone\"><a href=\"http:\/\/i.imgur.com\/QIDIbcO.jpg\" target=\"_blank\"><img decoding=\"async\" src=\"http:\/\/i.imgur.com\/QIDIbcOl.jpg\" alt=\"Choir\" \/><\/a><p class=\"wp-caption-text\"><\/br>Choir<\/p><\/div><\/p>\n<p>Well, I guessed since this cathedral was the seat of Barcelona Archbishop, its symbolism and rituals outweighted its function as a prayer house, so it needed to have such huge choir in the middle and Bema, as compared with previous Bas\u00edlica de Santa Maria del Pi and Bas\u00edlica de Santa Maria del Mar mostly filled with pews.<\/p>\n<p><div style=\"width: 770px\" class=\"wp-caption alignnone\"><a href=\"http:\/\/i.imgur.com\/UhYMWF8.jpg\" target=\"_blank\"><img decoding=\"async\" src=\"http:\/\/i.imgur.com\/UhYMWF8l.jpg\" alt=\"Choir Seats\" \/><\/a><p class=\"wp-caption-text\"><\/br>Choir Seats<\/p><\/div><br \/>\n<div style=\"width: 770px\" class=\"wp-caption alignnone\"><a href=\"http:\/\/i.imgur.com\/AxaDDUZ.jpg\" target=\"_blank\"><img decoding=\"async\" src=\"http:\/\/i.imgur.com\/AxaDDUZl.jpg\" alt=\"Organ\" \/><\/a><p class=\"wp-caption-text\"><\/br>Organ<\/p><\/div><br \/>\n<div style=\"width: 770px\" class=\"wp-caption alignnone\"><a href=\"http:\/\/i.imgur.com\/dWgGWij.jpg\" target=\"_blank\"><img decoding=\"async\" src=\"http:\/\/i.imgur.com\/dWgGWijl.jpg\" alt=\"Altar\" \/><\/a><p class=\"wp-caption-text\"><\/br>Altar<\/p><\/div><br \/>\n<div style=\"width: 770px\" class=\"wp-caption alignnone\"><a href=\"http:\/\/i.imgur.com\/1vZ1Ion.jpg\" target=\"_blank\"><img decoding=\"async\" src=\"http:\/\/i.imgur.com\/1vZ1Ionl.jpg\" alt=\"Sacristy\" \/><\/a><p class=\"wp-caption-text\"><\/br>Sacristy<\/p><\/div><br \/>\n<div style=\"width: 770px\" class=\"wp-caption alignnone\"><a href=\"http:\/\/i.imgur.com\/075YyCC.jpg\" target=\"_blank\"><img decoding=\"async\" src=\"http:\/\/i.imgur.com\/075YyCCl.jpg\" alt=\"Ceilings\" \/><\/a><p class=\"wp-caption-text\"><\/br>Ceilings<\/p><\/div><br \/>\n<div style=\"width: 770px\" class=\"wp-caption alignnone\"><a href=\"http:\/\/i.imgur.com\/qelN5ax.jpg\" target=\"_blank\"><img decoding=\"async\" src=\"http:\/\/i.imgur.com\/qelN5axl.jpg\" alt=\"Altar\" \/><\/a><p class=\"wp-caption-text\"><\/br>Altar<\/p><\/div><br \/>\n<div style=\"width: 770px\" class=\"wp-caption alignnone\"><a href=\"http:\/\/i.imgur.com\/Y98va07.jpg\" target=\"_blank\"><img decoding=\"async\" src=\"http:\/\/i.imgur.com\/Y98va07l.jpg\" alt=\"Columns in Catedral de Barcelona\" \/><\/a><p class=\"wp-caption-text\"><\/br>Columns in Catedral de Barcelona<\/p><\/div><br \/>\n<div style=\"width: 770px\" class=\"wp-caption alignnone\"><a href=\"http:\/\/i.imgur.com\/yzDchTK.jpg\" target=\"_blank\"><img decoding=\"async\" src=\"http:\/\/i.imgur.com\/yzDchTKl.jpg\" alt=\"Dome\" \/><\/a><p class=\"wp-caption-text\"><\/br>Dome<\/p><\/div><br \/>\n<div style=\"width: 770px\" class=\"wp-caption alignnone\"><a href=\"http:\/\/i.imgur.com\/pe0Frzx.jpg\" target=\"_blank\"><img decoding=\"async\" src=\"http:\/\/i.imgur.com\/pe0Frzxl.jpg\" alt=\"Catedral de Barcelona Interior\" \/><\/a><p class=\"wp-caption-text\"><\/br>Catedral de Barcelona Interior<\/p><\/div><br \/>\n<div style=\"width: 770px\" class=\"wp-caption alignnone\"><a href=\"http:\/\/i.imgur.com\/HSedopc.jpg\" target=\"_blank\"><img decoding=\"async\" src=\"http:\/\/i.imgur.com\/HSedopcl.jpg\" alt=\"Catedral de Barcelona Facade at Dusk\" \/><\/a><p class=\"wp-caption-text\"><\/br>Catedral de Barcelona Facade at Dusk<\/p><\/div><\/p>\n<p>That was the last stop of the day. On our way back, we passed La Boqueria Market again, and unfortunately, my friend located a &#8220;wonderful&#8221; sea food restaurant in it, where he decided to have his dinner. Not being a sea food friend and having eaten more than enough sea food yesterday, I was reduced to a nearby McDonald&#8217;s.<\/p>\n<p><div style=\"width: 770px\" class=\"wp-caption alignnone\"><a href=\"http:\/\/i.imgur.com\/kDMaZWp.jpg\" target=\"_blank\"><img decoding=\"async\" src=\"http:\/\/i.imgur.com\/kDMaZWpl.jpg\" alt=\"Buildings in Barcelona Old City\" \/><\/a><p class=\"wp-caption-text\"><\/br>Buildings in Barcelona Old City<\/br><span style=\"font-size: small;\">One can tell from the fresco on its ceilings that this must be an upscale house.<\/span><\/p><\/div><br \/>\n<div style=\"width: 770px\" class=\"wp-caption alignnone\"><a href=\"http:\/\/i.imgur.com\/hUAdR33.jpg\" target=\"_blank\"><img decoding=\"async\" src=\"http:\/\/i.imgur.com\/hUAdR33l.jpg\" alt=\"Erotic Museum\" \/><\/a><p class=\"wp-caption-text\"><\/br>Erotic Museum<\/br><span style=\"font-size: small;\">And they got a lady with flying skirts giving kisses.<\/span><\/p><\/div><br \/>\n<div style=\"width: 770px\" class=\"wp-caption alignnone\"><a href=\"http:\/\/i.imgur.com\/dO2pGlr.jpg\" target=\"_blank\"><img decoding=\"async\" src=\"http:\/\/i.imgur.com\/dO2pGlrl.jpg\" alt=\"La Boqueria Market\" \/><\/a><p class=\"wp-caption-text\"><\/br>La Boqueria Market<\/p><\/div><\/p>\n<p>After dinner, we decided that we should somehow celebrate our last night in Barcelona with a drink. No, I don&#8217;t drink alcohol, so we made our toast with lemonade stand drinks from La Boqueria Market.<\/p>\n<p><div style=\"width: 770px\" class=\"wp-caption alignnone\"><a href=\"http:\/\/i.imgur.com\/ry1jBFJ.jpg\" target=\"_blank\"><img decoding=\"async\" src=\"http:\/\/i.imgur.com\/ry1jBFJl.jpg\" alt=\"Drink\" \/><\/a><p class=\"wp-caption-text\"><\/br>Drink<\/br><span style=\"font-size: small;\">Strawberry lychee juice, hell they can mix almost every fruit up.<\/span><\/p><\/div><br \/>\n<div style=\"width: 770px\" class=\"wp-caption alignnone\"><a href=\"http:\/\/i.imgur.com\/RZmTR1N.jpg\" target=\"_blank\"><img decoding=\"async\" src=\"http:\/\/i.imgur.com\/RZmTR1Nl.jpg\" alt=\"Buildings in Barcelona Old City\" \/><\/a><p class=\"wp-caption-text\"><\/br>Buildings in Barcelona Old City<\/p><\/div><br \/>\n<div style=\"width: 770px\" class=\"wp-caption alignnone\"><a href=\"http:\/\/i.imgur.com\/QBJCHOz.jpg\" target=\"_blank\"><img decoding=\"async\" src=\"http:\/\/i.imgur.com\/QBJCHOzl.jpg\" alt=\"Pedestrian Street in Barcelona Old City\" \/><\/a><p class=\"wp-caption-text\"><\/br>Pedestrian Street in Barcelona Old City<\/p><\/div><br \/>\nEND<br \/>\n<!--http:\/\/www.lapedrera.com\/en\/la-pedrera\/architecture--><\/p>","protected":false},"excerpt":{"rendered":"<p>Second day in Barcelona, as the sky cleared into a bright sunny day. The plan of the day was to visit two of Antoni Gaud\u00ed&#8217;s architecture masterpiece, Casa Mil\u00e0 and Casa Batll\u00f3, followed by roaming the Barcelona old&#8230; <a class=\"read-more\" href=\"http:\/\/www.huangyizhou.com\/index.php\/2017\/02\/16\/20170216barcelona\/\">Read More<\/a><\/p>\n","protected":false},"author":1,"featured_media":0,"comment_status":"open","ping_status":"open","sticky":false,"template":"","format":"standard","meta":{"footnotes":""},"categories":[204,2],"tags":[],"_links":{"self":[{"href":"http:\/\/www.huangyizhou.com\/index.php\/wp-json\/wp\/v2\/posts\/2428"}],"collection":[{"href":"http:\/\/www.huangyizhou.com\/index.php\/wp-json\/wp\/v2\/posts"}],"about":[{"href":"http:\/\/www.huangyizhou.com\/index.php\/wp-json\/wp\/v2\/types\/post"}],"author":[{"embeddable":true,"href":"http:\/\/www.huangyizhou.com\/index.php\/wp-json\/wp\/v2\/users\/1"}],"replies":[{"embeddable":true,"href":"http:\/\/www.huangyizhou.com\/index.php\/wp-json\/wp\/v2\/comments?post=2428"}],"version-history":[{"count":3,"href":"http:\/\/www.huangyizhou.com\/index.php\/wp-json\/wp\/v2\/posts\/2428\/revisions"}],"predecessor-version":[{"id":2945,"href":"http:\/\/www.huangyizhou.com\/index.php\/wp-json\/wp\/v2\/posts\/2428\/revisions\/2945"}],"wp:attachment":[{"href":"http:\/\/www.huangyizhou.com\/index.php\/wp-json\/wp\/v2\/media?parent=2428"}],"wp:term":[{"taxonomy":"category","embeddable":true,"href":"http:\/\/www.huangyizhou.com\/index.php\/wp-json\/wp\/v2\/categories?post=2428"},{"taxonomy":"post_tag","embeddable":true,"href":"http:\/\/www.huangyizhou.com\/index.php\/wp-json\/wp\/v2\/tags?post=2428"}],"curies":[{"name":"wp","href":"https:\/\/api.w.org\/{rel}","templated":true}]}}